{"id":6009,"date":"2022-08-29T21:15:10","date_gmt":"2022-08-29T19:15:10","guid":{"rendered":"https:\/\/www.kiekert.com\/?p=6009"},"modified":"2022-09-09T13:58:33","modified_gmt":"2022-09-09T11:58:33","slug":"kiekert-regional-concept-change-of-governance-for-americas-europe-china","status":"publish","type":"post","link":"https:\/\/www.kiekert.com\/en\/news\/kiekert-regional-concept-change-of-governance-for-americas-europe-china\/","title":{"rendered":"Kiekert Regional Concept Change of Governance for Americas, Europe, China"},"content":{"rendered":"<p><div class=\"fusion-fullwidth fullwidth-box fusion-builder-row-1 fusion-flex-container fusion-parallax-none hundred-percent-fullwidth non-hundred-percent-height-scrolling opener header-light\" style=\"--awb-border-radius-top-left:0px;--awb-border-radius-top-right:0px;--awb-border-radius-bottom-right:0px;--awb-border-radius-bottom-left:0px;--awb-padding-top:0px;--awb-padding-right:0px;--awb-padding-bottom:0px;--awb-padding-left:0px;--awb-min-height:700px;--awb-background-color:#020202;--awb-background-image:url(&quot;https:\/\/www.kiekert.com\/wp-content\/uploads\/2022\/08\/Regional-concept-header.jpg&quot;);--awb-background-size:cover;--awb-flex-wrap:wrap;\" ><div class=\"fusion-builder-row fusion-row fusion-flex-align-items-center fusion-flex-align-content-space-evenly fusion-flex-justify-content-center fusion-flex-content-wrap\" style=\"width:102% !important;max-width:102% !important;margin-left: calc(-2% \/ 2 );margin-right: calc(-2% \/ 2 );\"><div class=\"fusion-layout-column fusion_builder_column fusion-builder-column-0 fusion-flex-column opener-content\" style=\"--awb-bg-size:cover;--awb-width-large:30%;--awb-margin-top-large:0px;--awb-spacing-right-large:3.2666666666667%;--awb-margin-bottom-large:0px;--awb-spacing-left-large:3.2666666666667%;--awb-width-medium:50%;--awb-order-medium:0;--awb-spacing-right-medium:1.96%;--awb-spacing-left-medium:1.96%;--awb-width-small:100%;--awb-order-small:0;--awb-spacing-right-small:0.98%;--awb-spacing-left-small:0.98%;\"><div class=\"fusion-column-wrapper fusion-column-has-shadow fusion-flex-justify-content-flex-start fusion-content-layout-column\"><div class=\"fusion-separator fusion-full-width-sep\" style=\"align-self: center;margin-left: auto;margin-right: auto;margin-bottom:30px;width:100%;\"><\/div><\/div><\/div><\/div><\/div><div class=\"fusion-fullwidth fullwidth-box fusion-builder-row-2 fusion-flex-container nonhundred-percent-fullwidth non-hundred-percent-height-scrolling\" style=\"--awb-border-radius-top-left:0px;--awb-border-radius-top-right:0px;--awb-border-radius-bottom-right:0px;--awb-border-radius-bottom-left:0px;--awb-padding-top:30px;--awb-padding-bottom:30px;--awb-flex-wrap:wrap;\" ><div class=\"fusion-builder-row fusion-row fusion-flex-align-items-flex-start fusion-flex-content-wrap\" style=\"max-width:1387.2px;margin-left: calc(-2% \/ 2 );margin-right: calc(-2% \/ 2 );\"><div class=\"fusion-layout-column fusion_builder_column fusion-builder-column-1 fusion_builder_column_1_1 1_1 fusion-flex-column\" style=\"--awb-bg-size:cover;--awb-width-large:100%;--awb-margin-top-large:0px;--awb-spacing-right-large:0.98%;--awb-margin-bottom-large:0px;--awb-spacing-left-large:0.98%;--awb-width-medium:100%;--awb-order-medium:0;--awb-spacing-right-medium:0.98%;--awb-spacing-left-medium:0.98%;--awb-width-small:100%;--awb-order-small:0;--awb-spacing-right-small:0.98%;--awb-spacing-left-small:0.98%;\"><div class=\"fusion-column-wrapper fusion-column-has-shadow fusion-flex-justify-content-flex-start fusion-content-layout-column\"><nav class=\"fusion-breadcrumbs awb-yoast-breadcrumbs fusion-breadcrumbs-1\" style=\"--awb-alignment:center;--awb-breadcrumb-sep:&#039;|&#039;;text-align:center;\" aria-label=\"Breadcrumb\"><ol class=\"awb-breadcrumb-list\"><li class=\"fusion-breadcrumb-item awb-breadcrumb-sep awb-home\" ><a href=\"https:\/\/www.kiekert.com\/en\/\" class=\"fusion-breadcrumb-link\"><span >Home<\/span><\/a><\/li><\/ol><\/nav><\/div><\/div><\/div><\/div><div class=\"fusion-fullwidth fullwidth-box fusion-builder-row-3 fusion-flex-container nonhundred-percent-fullwidth non-hundred-percent-height-scrolling\" style=\"--awb-border-radius-top-left:0px;--awb-border-radius-top-right:0px;--awb-border-radius-bottom-right:0px;--awb-border-radius-bottom-left:0px;--awb-padding-top:10px;--awb-flex-wrap:wrap;\" ><div class=\"fusion-builder-row fusion-row fusion-flex-align-items-flex-start fusion-flex-content-wrap\" style=\"max-width:1387.2px;margin-left: calc(-2% \/ 2 );margin-right: calc(-2% \/ 2 );\"><div class=\"fusion-layout-column fusion_builder_column fusion-builder-column-2 fusion_builder_column_1_1 1_1 fusion-flex-column\" style=\"--awb-bg-size:cover;--awb-width-large:100%;--awb-margin-top-large:0px;--awb-spacing-right-large:0.98%;--awb-margin-bottom-large:0px;--awb-spacing-left-large:0.98%;--awb-width-medium:100%;--awb-spacing-right-medium:0.98%;--awb-spacing-left-medium:0.98%;--awb-width-small:100%;--awb-spacing-right-small:0.98%;--awb-spacing-left-small:0.98%;\"><div class=\"fusion-column-wrapper fusion-flex-justify-content-flex-start fusion-content-layout-column\"><div class=\"fusion-title title fusion-title-1 fusion-sep-none fusion-title-center fusion-title-text fusion-title-size-one\" style=\"--awb-margin-bottom:30px;\"><h1 class=\"fusion-title-heading title-heading-center\" style=\"margin:0;\">Kiekert Regional Concept Change of Governance for Americas, Europe, China<\/h1><\/div><div class=\"fusion-text fusion-text-1\"><p>Heiligenhaus, August 30th, 2022: <em>\u201cIn a mobility industry that is undergoing a profound change, we are convinced that engaging LOCAL talented people based on a Regional Concept will be crucial to achieve our ambitious growth strategy. The automotive industry has entered a new phase of development marked by upheavals that are unprecedented in their scale and speed. The new geopolitical environment became a reality reinforcing the necessity of localization enabling independently local teams in close coordination with all the central functions hosted at the headquarters. With our human capital in each region for decades, our technological leadership with over 3,000 patents and 33% technological market share worldwide, our financial independence, we are moving forward into this future with a long-term vision and enthusiasm that have made our family run group so successful for the last 165 years. Accordingly, I\u2019m glad to announce the change of the company\u2019s governance structure implementing a Regional Concept. \u00a0The purpose is to deliver local adapted solutions for each market ensuring a timely local dedicated customer service leveraging our local teams, production plants and engineering centers in each region namely Americas, Europe, China, South-Korea, and Japan.\u201d <\/em>said J\u00e9r\u00f4me Debreu, Chairman &amp; CEO.<\/p>\n<p>Kiekert Group changes its governance: previously Vice President Asia, Karl Lambertz becomes Vice President Europe. Previously General Manager Kiekert US, Mike Hietbrink is promoted Vice President Americas. Peter Wang is appointed Managing Director China.<\/p>\n<p>Karl, Mike and Peter will be Associate Members of Kiekert Group Executive Committee.<\/p>\n<p>About Kiekert Group :<br \/>\nWorld Leader, Kiekert provides innovative safety closure systems for the Automotive Industry. With around \u20ac 800 million of economic sales revenue, an international footprint of 7 plants and 8 R&amp;D centers, Technology and Innovation driven since its inception in 1857, Kiekert relies on its 5,000 employees to develop and produce mechanical intelligent safety closure systems according to the Group digitalization roadmap for connected and sustainable mobility.<br \/>\nKiekert AG is an independent Stock Company headquartered in Germany for the last 165 years. Kiekert track records of success are irrevocably based on its traditional family values, the foundation of our stable team delivering innovative products and top quality to our customers.<\/p>\n<\/div><\/div><\/div><\/div><\/div><div class=\"fusion-fullwidth fullwidth-box fusion-builder-row-4 fusion-flex-container hundred-percent-fullwidth non-hundred-percent-height-scrolling\" style=\"--awb-border-radius-top-left:0px;--awb-border-radius-top-right:0px;--awb-border-radius-bottom-right:0px;--awb-border-radius-bottom-left:0px;--awb-padding-top:0px;--awb-flex-wrap:wrap;\" ><div class=\"fusion-builder-row fusion-row fusion-flex-align-items-stretch fusion-flex-content-wrap\" style=\"width:102% !important;max-width:102% !important;margin-left: calc(-2% \/ 2 );margin-right: calc(-2% \/ 2 );\"><div class=\"fusion-layout-column fusion_builder_column fusion-builder-column-3 fusion_builder_column_1_3 1_3 fusion-flex-column fusion-flex-align-self-flex-start fusion-animated\" style=\"--awb-bg-size:cover;--awb-width-large:33.333333333333%;--awb-margin-top-large:0px;--awb-spacing-right-large:2.94%;--awb-margin-bottom-large:0px;--awb-spacing-left-large:2.94%;--awb-width-medium:33.333333333333%;--awb-order-medium:0;--awb-spacing-right-medium:2.94%;--awb-spacing-left-medium:2.94%;--awb-width-small:100%;--awb-order-small:0;--awb-spacing-right-small:0.98%;--awb-spacing-left-small:0.98%;\" data-animationType=\"fadeInRight\" data-animationDuration=\"1.5\" data-animationOffset=\"top-into-view\"><div class=\"fusion-column-wrapper fusion-column-has-shadow fusion-flex-justify-content-center fusion-content-layout-column\"><div class=\"fusion-image-element \" style=\"text-align:center;--awb-max-width:1060px;--awb-caption-title-font-family:var(--h2_typography-font-family);--awb-caption-title-font-weight:var(--h2_typography-font-weight);--awb-caption-title-font-style:var(--h2_typography-font-style);--awb-caption-title-size:var(--h2_typography-font-size);--awb-caption-title-transform:var(--h2_typography-text-transform);--awb-caption-title-line-height:var(--h2_typography-line-height);--awb-caption-title-letter-spacing:var(--h2_typography-letter-spacing);\"><span class=\" fusion-imageframe imageframe-none imageframe-1 hover-type-none\"><img decoding=\"async\" width=\"215\" height=\"300\" title=\"Karl Lambertz\" src=\"https:\/\/www.kiekert.com\/wp-content\/uploads\/2022\/08\/Karl-Lambertz-215x300.png\" alt class=\"img-responsive wp-image-5986\" srcset=\"https:\/\/www.kiekert.com\/wp-content\/uploads\/2022\/08\/Karl-Lambertz-200x280.png 200w, https:\/\/www.kiekert.com\/wp-content\/uploads\/2022\/08\/Karl-Lambertz.png 319w\" sizes=\"(max-width: 767px) 100vw, 215px\" \/><\/span><\/div><div class=\"fusion-text fusion-text-2\"><p style=\"text-align: center;\"><strong><br \/>\nKarl Lambertz (60)<br \/>\n<\/strong>Vice President Europe<\/p>\n<\/div><div class=\"fusion-text fusion-text-3\"><p style=\"text-align: center;\">In this function, Karl Lambertz will drive the automation and expansion of Kiekert historical plant in Heiligenhaus &#8211; Germany. As part of the Regional Concept for Europe, Karl is appointed Managing Director of Kiekert Czech Republic including the plant facility in P\u0159elou\u010d as well as the Tech Center in \u010civice with clear aim to facilitate teamwork cross locations and functions. Karl is holding a Bachelor Degree in Mechanical Engineering from the Cologne University and has been working for Kiekert for the last 24 years. Karl is married with two children.<\/p>\n<\/div><\/div><\/div><div class=\"fusion-layout-column fusion_builder_column fusion-builder-column-4 fusion_builder_column_1_3 1_3 fusion-flex-column fusion-flex-align-self-center fusion-animated\" style=\"--awb-bg-size:cover;--awb-width-large:33.333333333333%;--awb-margin-top-large:0px;--awb-spacing-right-large:2.94%;--awb-margin-bottom-large:0px;--awb-spacing-left-large:2.94%;--awb-width-medium:33.333333333333%;--awb-order-medium:0;--awb-spacing-right-medium:2.94%;--awb-spacing-left-medium:2.94%;--awb-width-small:100%;--awb-order-small:0;--awb-spacing-right-small:0.98%;--awb-spacing-left-small:0.98%;\" data-animationType=\"fadeInRight\" data-animationDuration=\"1.5\" data-animationOffset=\"top-into-view\"><div class=\"fusion-column-wrapper fusion-column-has-shadow fusion-flex-justify-content-center fusion-content-layout-column\"><div class=\"fusion-image-element \" style=\"text-align:center;--awb-max-width:1060px;--awb-caption-title-font-family:var(--h2_typography-font-family);--awb-caption-title-font-weight:var(--h2_typography-font-weight);--awb-caption-title-font-style:var(--h2_typography-font-style);--awb-caption-title-size:var(--h2_typography-font-size);--awb-caption-title-transform:var(--h2_typography-text-transform);--awb-caption-title-line-height:var(--h2_typography-line-height);--awb-caption-title-letter-spacing:var(--h2_typography-letter-spacing);\"><span class=\" fusion-imageframe imageframe-none imageframe-2 hover-type-none\"><img decoding=\"async\" width=\"215\" height=\"300\" title=\"Mike Hietbrink web\" src=\"https:\/\/www.kiekert.com\/wp-content\/uploads\/2022\/08\/Mike-Hietbrink-web-215x300.jpg\" alt class=\"img-responsive wp-image-5984\" srcset=\"https:\/\/www.kiekert.com\/wp-content\/uploads\/2022\/08\/Mike-Hietbrink-web-200x279.jpg 200w, https:\/\/www.kiekert.com\/wp-content\/uploads\/2022\/08\/Mike-Hietbrink-web.jpg 333w\" sizes=\"(max-width: 767px) 100vw, 215px\" \/><\/span><\/div><div class=\"fusion-text fusion-text-4\"><p style=\"text-align: center;\"><strong><br \/>\nMike Hietbrink (48)<br \/>\n<\/strong>Vice President Americas<\/p>\n<\/div><div class=\"fusion-text fusion-text-5\"><p style=\"text-align: center;\">Mike Hietbrink is promoted Vice President Americas in addition to the function of Managing Director Kiekert US. He will thus assume responsibility for the market and business development for the entire Americas region. He will in particular focus on expanding sales with existing and new customers in the region. Mike will supervise plants and Tech Centers in Americas including the plant in Mexico. Mike holds a Bachelor of Science in Mechanical Engineering from Kettering University (GMI) along with a Master in Business Administration from Eastern Michigan University and has been working for Kiekert for the last 24 years. Mike is married with two children.<\/p>\n<\/div><\/div><\/div><div class=\"fusion-layout-column fusion_builder_column fusion-builder-column-5 fusion_builder_column_1_3 1_3 fusion-flex-column fusion-flex-align-self-flex-start fusion-animated\" style=\"--awb-bg-size:cover;--awb-width-large:33.333333333333%;--awb-margin-top-large:0px;--awb-spacing-right-large:2.94%;--awb-margin-bottom-large:0px;--awb-spacing-left-large:2.94%;--awb-width-medium:33.333333333333%;--awb-order-medium:0;--awb-spacing-right-medium:2.94%;--awb-spacing-left-medium:2.94%;--awb-width-small:100%;--awb-order-small:0;--awb-spacing-right-small:0.98%;--awb-spacing-left-small:0.98%;\" data-animationType=\"fadeInRight\" data-animationDuration=\"1.5\" data-animationOffset=\"top-into-view\"><div class=\"fusion-column-wrapper fusion-column-has-shadow fusion-flex-justify-content-center fusion-content-layout-column\"><div class=\"fusion-image-element \" style=\"text-align:center;--awb-max-width:1060px;--awb-caption-title-font-family:var(--h2_typography-font-family);--awb-caption-title-font-weight:var(--h2_typography-font-weight);--awb-caption-title-font-style:var(--h2_typography-font-style);--awb-caption-title-size:var(--h2_typography-font-size);--awb-caption-title-transform:var(--h2_typography-text-transform);--awb-caption-title-line-height:var(--h2_typography-line-height);--awb-caption-title-letter-spacing:var(--h2_typography-letter-spacing);\"><span class=\" fusion-imageframe imageframe-none imageframe-3 hover-type-none\"><img decoding=\"async\" width=\"215\" height=\"300\" title=\"Peter Wang Website\" src=\"https:\/\/www.kiekert.com\/wp-content\/uploads\/2022\/09\/Peter-Wang-Website-215x300.jpg\" alt class=\"img-responsive wp-image-6092\" srcset=\"https:\/\/www.kiekert.com\/wp-content\/uploads\/2022\/09\/Peter-Wang-Website-200x279.jpg 200w, https:\/\/www.kiekert.com\/wp-content\/uploads\/2022\/09\/Peter-Wang-Website.jpg 333w\" sizes=\"(max-width: 767px) 100vw, 215px\" \/><\/span><\/div><div class=\"fusion-text fusion-text-6\"><p style=\"text-align: center;\"><strong><br \/>\nPeter Wang (60)<br \/>\n<\/strong>Managing Director Kiekert China<\/p>\n<\/div><div class=\"fusion-text fusion-text-7\"><p style=\"text-align: center;\">Peter Wang takes over the role of Managing Director for Kiekert China responsible for both the Plant and the Tech Center. Peter will be based in Changshu succeeding to Karl Lambertz. He has extensive management experience in both the automotive and other industries. \u00a0Peter holds a Bachelor\u2019s Degree of Engineering from the North-western Polytechnical University (NPU) with a major in Aero Engine Control Engineering. Peter is married with one child.<\/p>\n<\/div><\/div><\/div><\/div><\/div><div class=\"fusion-fullwidth fullwidth-box fusion-builder-row-5 fusion-flex-container nonhundred-percent-fullwidth non-hundred-percent-height-scrolling\" style=\"--awb-border-radius-top-left:0px;--awb-border-radius-top-right:0px;--awb-border-radius-bottom-right:0px;--awb-border-radius-bottom-left:0px;--awb-padding-top:10px;--awb-flex-wrap:wrap;\" ><div class=\"fusion-builder-row fusion-row fusion-flex-align-items-flex-start fusion-flex-content-wrap\" style=\"max-width:1387.2px;margin-left: calc(-2% \/ 2 );margin-right: calc(-2% \/ 2 );\"><div class=\"fusion-layout-column fusion_builder_column fusion-builder-column-6 fusion_builder_column_1_3 1_3 fusion-flex-column\" style=\"--awb-bg-size:cover;--awb-width-large:33.333333333333%;--awb-margin-top-large:0px;--awb-spacing-right-large:5.88%;--awb-margin-bottom-large:0px;--awb-spacing-left-large:2.94%;--awb-width-medium:33.333333333333%;--awb-spacing-right-medium:5.88%;--awb-spacing-left-medium:2.94%;--awb-width-small:100%;--awb-spacing-right-small:0.98%;--awb-spacing-left-small:0.98%;\"><div class=\"fusion-column-wrapper fusion-flex-justify-content-flex-start fusion-content-layout-column\"><div style=\"text-align:center;\"><a class=\"fusion-button button-flat fusion-button-default-size button-default fusion-button-default button-1 fusion-button-default-span fusion-button-default-type invert\" target=\"_self\" href=\"https:\/\/www.kiekert.com\/unternehmen\/newsroom\/\"><span class=\"fusion-button-text awb-button__text awb-button__text--default\">Back to overview<\/span><\/a><\/div><\/div><\/div><div class=\"fusion-layout-column fusion_builder_column fusion-builder-column-7 fusion_builder_column_1_3 1_3 fusion-flex-column\" style=\"--awb-bg-size:cover;--awb-width-large:33.333333333333%;--awb-margin-top-large:0px;--awb-spacing-right-large:5.88%;--awb-margin-bottom-large:0px;--awb-spacing-left-large:5.88%;--awb-width-medium:33.333333333333%;--awb-spacing-right-medium:5.88%;--awb-spacing-left-medium:5.88%;--awb-width-small:100%;--awb-spacing-right-small:0.98%;--awb-spacing-left-small:0.98%;\"><div class=\"fusion-column-wrapper fusion-flex-justify-content-flex-start fusion-content-layout-column\"><div ><a class=\"fusion-button button-flat fusion-button-default-size button-default fusion-button-default button-2 fusion-button-default-span fusion-button-default-type\" target=\"_self\" href=\"https:\/\/www.kiekert.com\/wp-content\/uploads\/2022\/09\/Regional-Concept-pictures.zip\"><span class=\"fusion-button-text awb-button__text awb-button__text--default\">Download Press Material<\/span><\/a><\/div><\/div><\/div><div class=\"fusion-layout-column fusion_builder_column fusion-builder-column-8 fusion_builder_column_1_3 1_3 fusion-flex-column\" style=\"--awb-bg-size:cover;--awb-width-large:33.333333333333%;--awb-margin-top-large:0px;--awb-spacing-right-large:2.94%;--awb-margin-bottom-large:0px;--awb-spacing-left-large:2.94%;--awb-width-medium:33.333333333333%;--awb-order-medium:0;--awb-spacing-right-medium:2.94%;--awb-spacing-left-medium:2.94%;--awb-width-small:100%;--awb-order-small:0;--awb-spacing-right-small:0.98%;--awb-spacing-left-small:0.98%;\"><div class=\"fusion-column-wrapper fusion-column-has-shadow fusion-flex-justify-content-flex-start fusion-content-layout-row\"><div class=\"fusion-title title fusion-title-2 fusion-sep-none fusion-title-text fusion-title-size-two\"><h2 class=\"fusion-title-heading title-heading-left\" style=\"margin:0;\">Press contact<\/h2><\/div><div class=\"fusion-text fusion-text-8\" style=\"--awb-content-alignment:center;\"><p style=\"text-align: left;\">Ronald Jesorsky<br \/>\nGlobal Head of Marketing &amp; Communications<br \/>\nKiekert AG<br \/>\nH\u00f6seler Platz 2<br \/>\n42579 Heiligenhaus<br \/>\nDeutschland<\/p>\n<p style=\"text-align: left;\">Tel :\u00a0\u00a0+49 2056 15 701<br \/>\nFax : +49 2056 15 &#8211; 6719<br \/>\nE-Mail :\u00a0<a href=\"mailto:ronald.jesorsky@kiekert.com\">ronald.jesorsky@kiekert.com<\/a><br \/>\n<a href=\"http:\/\/www.kiekert.com\" target=\"_blank\" rel=\"noopener\">www.kiekert.com<\/a><\/p>\n<\/div><\/div><\/div><\/div><\/div><\/p>\n","protected":false},"excerpt":{"rendered":"","protected":false},"author":8,"featured_media":6220,"comment_status":"closed","ping_status":"open","sticky":false,"template":"","format":"standard","meta":{"_acf_changed":false,"footnotes":""},"categories":[14],"tags":[],"class_list":["post-6009","post","type-post","status-publish","format-standard","has-post-thumbnail","hentry","category-uncategorized"],"acf":[],"yoast_head":"<!-- This site is optimized with the Yoast SEO plugin v27.1.1 - https:\/\/yoast.com\/product\/yoast-seo-wordpress\/ -->\n<title>Kiekert Regional Concept Change of Governance for Americas, Europe, China &#8212; Kiekert AG<\/title>\n<meta name=\"robots\" content=\"index, follow, max-snippet:-1, max-image-preview:large, max-video-preview:-1\" \/>\n<link rel=\"canonical\" href=\"https:\/\/www.kiekert.com\/en\/news\/kiekert-regional-concept-change-of-governance-for-americas-europe-china\/\" \/>\n<meta property=\"og:locale\" content=\"en_US\" \/>\n<meta property=\"og:type\" content=\"article\" \/>\n<meta property=\"og:title\" content=\"Kiekert Regional Concept Change of Governance for Americas, Europe, China &#8212; Kiekert AG\" \/>\n<meta property=\"og:url\" content=\"https:\/\/www.kiekert.com\/en\/news\/kiekert-regional-concept-change-of-governance-for-americas-europe-china\/\" \/>\n<meta property=\"og:site_name\" content=\"Kiekert AG\" \/>\n<meta property=\"article:published_time\" content=\"2022-08-29T19:15:10+00:00\" \/>\n<meta property=\"article:modified_time\" content=\"2022-09-09T11:58:33+00:00\" \/>\n<meta property=\"og:image\" content=\"https:\/\/www.kiekert.com\/wp-content\/uploads\/2022\/08\/Trio-Beitragsbild-neu-neu-1.jpg\" \/>\n\t<meta property=\"og:image:width\" content=\"1579\" \/>\n\t<meta property=\"og:image:height\" content=\"888\" \/>\n\t<meta property=\"og:image:type\" content=\"image\/jpeg\" \/>\n<meta name=\"author\" content=\"Simone Fuchs\" \/>\n<meta name=\"twitter:card\" content=\"summary_large_image\" \/>\n<meta name=\"twitter:label1\" content=\"Written by\" \/>\n\t<meta name=\"twitter:data1\" content=\"Simone Fuchs\" \/>\n\t<meta name=\"twitter:label2\" content=\"Est. reading time\" \/>\n\t<meta name=\"twitter:data2\" content=\"16 minutes\" \/>\n<script type=\"application\/ld+json\" class=\"yoast-schema-graph\">{\"@context\":\"https:\/\/schema.org\",\"@graph\":[{\"@type\":\"Article\",\"@id\":\"https:\/\/www.kiekert.com\/en\/news\/kiekert-regional-concept-change-of-governance-for-americas-europe-china\/#article\",\"isPartOf\":{\"@id\":\"https:\/\/www.kiekert.com\/en\/news\/kiekert-regional-concept-change-of-governance-for-americas-europe-china\/\"},\"author\":{\"name\":\"Simone Fuchs\",\"@id\":\"https:\/\/www.kiekert.com\/en\/#\/schema\/person\/6ce1b53cb97a31c5de65008bf470e4dd\"},\"headline\":\"Kiekert Regional Concept Change of Governance for Americas, Europe, China\",\"datePublished\":\"2022-08-29T19:15:10+00:00\",\"dateModified\":\"2022-09-09T11:58:33+00:00\",\"mainEntityOfPage\":{\"@id\":\"https:\/\/www.kiekert.com\/en\/news\/kiekert-regional-concept-change-of-governance-for-americas-europe-china\/\"},\"wordCount\":6402,\"image\":{\"@id\":\"https:\/\/www.kiekert.com\/en\/news\/kiekert-regional-concept-change-of-governance-for-americas-europe-china\/#primaryimage\"},\"thumbnailUrl\":\"https:\/\/www.kiekert.com\/wp-content\/uploads\/2022\/08\/Trio-Beitragsbild-neu-neu-1.jpg\",\"inLanguage\":\"en-US\"},{\"@type\":\"WebPage\",\"@id\":\"https:\/\/www.kiekert.com\/en\/news\/kiekert-regional-concept-change-of-governance-for-americas-europe-china\/\",\"url\":\"https:\/\/www.kiekert.com\/en\/news\/kiekert-regional-concept-change-of-governance-for-americas-europe-china\/\",\"name\":\"Kiekert Regional Concept Change of Governance for Americas, Europe, China &#8212; Kiekert AG\",\"isPartOf\":{\"@id\":\"https:\/\/www.kiekert.com\/en\/#website\"},\"primaryImageOfPage\":{\"@id\":\"https:\/\/www.kiekert.com\/en\/news\/kiekert-regional-concept-change-of-governance-for-americas-europe-china\/#primaryimage\"},\"image\":{\"@id\":\"https:\/\/www.kiekert.com\/en\/news\/kiekert-regional-concept-change-of-governance-for-americas-europe-china\/#primaryimage\"},\"thumbnailUrl\":\"https:\/\/www.kiekert.com\/wp-content\/uploads\/2022\/08\/Trio-Beitragsbild-neu-neu-1.jpg\",\"datePublished\":\"2022-08-29T19:15:10+00:00\",\"dateModified\":\"2022-09-09T11:58:33+00:00\",\"author\":{\"@id\":\"https:\/\/www.kiekert.com\/en\/#\/schema\/person\/6ce1b53cb97a31c5de65008bf470e4dd\"},\"breadcrumb\":{\"@id\":\"https:\/\/www.kiekert.com\/en\/news\/kiekert-regional-concept-change-of-governance-for-americas-europe-china\/#breadcrumb\"},\"inLanguage\":\"en-US\",\"potentialAction\":[{\"@type\":\"ReadAction\",\"target\":[\"https:\/\/www.kiekert.com\/en\/news\/kiekert-regional-concept-change-of-governance-for-americas-europe-china\/\"]}]},{\"@type\":\"ImageObject\",\"inLanguage\":\"en-US\",\"@id\":\"https:\/\/www.kiekert.com\/en\/news\/kiekert-regional-concept-change-of-governance-for-americas-europe-china\/#primaryimage\",\"url\":\"https:\/\/www.kiekert.com\/wp-content\/uploads\/2022\/08\/Trio-Beitragsbild-neu-neu-1.jpg\",\"contentUrl\":\"https:\/\/www.kiekert.com\/wp-content\/uploads\/2022\/08\/Trio-Beitragsbild-neu-neu-1.jpg\",\"width\":1579,\"height\":888},{\"@type\":\"BreadcrumbList\",\"@id\":\"https:\/\/www.kiekert.com\/en\/news\/kiekert-regional-concept-change-of-governance-for-americas-europe-china\/#breadcrumb\",\"itemListElement\":[{\"@type\":\"ListItem\",\"position\":1,\"name\":\"Startseite\",\"item\":\"https:\/\/www.kiekert.com\/en\/\"},{\"@type\":\"ListItem\",\"position\":2,\"name\":\"Kiekert Regional Concept Change of Governance for Americas, Europe, China\"}]},{\"@type\":\"WebSite\",\"@id\":\"https:\/\/www.kiekert.com\/en\/#website\",\"url\":\"https:\/\/www.kiekert.com\/en\/\",\"name\":\"Kiekert AG\",\"description\":\"Technology that leads\",\"potentialAction\":[{\"@type\":\"SearchAction\",\"target\":{\"@type\":\"EntryPoint\",\"urlTemplate\":\"https:\/\/www.kiekert.com\/en\/?s={search_term_string}\"},\"query-input\":{\"@type\":\"PropertyValueSpecification\",\"valueRequired\":true,\"valueName\":\"search_term_string\"}}],\"inLanguage\":\"en-US\"},{\"@type\":\"Person\",\"@id\":\"https:\/\/www.kiekert.com\/en\/#\/schema\/person\/6ce1b53cb97a31c5de65008bf470e4dd\",\"name\":\"Simone Fuchs\"}]}<\/script>\n<!-- \/ Yoast SEO plugin. -->","yoast_head_json":{"title":"Kiekert Regional Concept Change of Governance for Americas, Europe, China &#8212; Kiekert AG","robots":{"index":"index","follow":"follow","max-snippet":"max-snippet:-1","max-image-preview":"max-image-preview:large","max-video-preview":"max-video-preview:-1"},"canonical":"https:\/\/www.kiekert.com\/en\/news\/kiekert-regional-concept-change-of-governance-for-americas-europe-china\/","og_locale":"en_US","og_type":"article","og_title":"Kiekert Regional Concept Change of Governance for Americas, Europe, China &#8212; Kiekert AG","og_url":"https:\/\/www.kiekert.com\/en\/news\/kiekert-regional-concept-change-of-governance-for-americas-europe-china\/","og_site_name":"Kiekert AG","article_published_time":"2022-08-29T19:15:10+00:00","article_modified_time":"2022-09-09T11:58:33+00:00","og_image":[{"width":1579,"height":888,"url":"https:\/\/www.kiekert.com\/wp-content\/uploads\/2022\/08\/Trio-Beitragsbild-neu-neu-1.jpg","type":"image\/jpeg"}],"author":"Simone Fuchs","twitter_card":"summary_large_image","twitter_misc":{"Written by":"Simone Fuchs","Est. reading time":"16 minutes"},"schema":{"@context":"https:\/\/schema.org","@graph":[{"@type":"Article","@id":"https:\/\/www.kiekert.com\/en\/news\/kiekert-regional-concept-change-of-governance-for-americas-europe-china\/#article","isPartOf":{"@id":"https:\/\/www.kiekert.com\/en\/news\/kiekert-regional-concept-change-of-governance-for-americas-europe-china\/"},"author":{"name":"Simone Fuchs","@id":"https:\/\/www.kiekert.com\/en\/#\/schema\/person\/6ce1b53cb97a31c5de65008bf470e4dd"},"headline":"Kiekert Regional Concept Change of Governance for Americas, Europe, China","datePublished":"2022-08-29T19:15:10+00:00","dateModified":"2022-09-09T11:58:33+00:00","mainEntityOfPage":{"@id":"https:\/\/www.kiekert.com\/en\/news\/kiekert-regional-concept-change-of-governance-for-americas-europe-china\/"},"wordCount":6402,"image":{"@id":"https:\/\/www.kiekert.com\/en\/news\/kiekert-regional-concept-change-of-governance-for-americas-europe-china\/#primaryimage"},"thumbnailUrl":"https:\/\/www.kiekert.com\/wp-content\/uploads\/2022\/08\/Trio-Beitragsbild-neu-neu-1.jpg","inLanguage":"en-US"},{"@type":"WebPage","@id":"https:\/\/www.kiekert.com\/en\/news\/kiekert-regional-concept-change-of-governance-for-americas-europe-china\/","url":"https:\/\/www.kiekert.com\/en\/news\/kiekert-regional-concept-change-of-governance-for-americas-europe-china\/","name":"Kiekert Regional Concept Change of Governance for Americas, Europe, China &#8212; Kiekert AG","isPartOf":{"@id":"https:\/\/www.kiekert.com\/en\/#website"},"primaryImageOfPage":{"@id":"https:\/\/www.kiekert.com\/en\/news\/kiekert-regional-concept-change-of-governance-for-americas-europe-china\/#primaryimage"},"image":{"@id":"https:\/\/www.kiekert.com\/en\/news\/kiekert-regional-concept-change-of-governance-for-americas-europe-china\/#primaryimage"},"thumbnailUrl":"https:\/\/www.kiekert.com\/wp-content\/uploads\/2022\/08\/Trio-Beitragsbild-neu-neu-1.jpg","datePublished":"2022-08-29T19:15:10+00:00","dateModified":"2022-09-09T11:58:33+00:00","author":{"@id":"https:\/\/www.kiekert.com\/en\/#\/schema\/person\/6ce1b53cb97a31c5de65008bf470e4dd"},"breadcrumb":{"@id":"https:\/\/www.kiekert.com\/en\/news\/kiekert-regional-concept-change-of-governance-for-americas-europe-china\/#breadcrumb"},"inLanguage":"en-US","potentialAction":[{"@type":"ReadAction","target":["https:\/\/www.kiekert.com\/en\/news\/kiekert-regional-concept-change-of-governance-for-americas-europe-china\/"]}]},{"@type":"ImageObject","inLanguage":"en-US","@id":"https:\/\/www.kiekert.com\/en\/news\/kiekert-regional-concept-change-of-governance-for-americas-europe-china\/#primaryimage","url":"https:\/\/www.kiekert.com\/wp-content\/uploads\/2022\/08\/Trio-Beitragsbild-neu-neu-1.jpg","contentUrl":"https:\/\/www.kiekert.com\/wp-content\/uploads\/2022\/08\/Trio-Beitragsbild-neu-neu-1.jpg","width":1579,"height":888},{"@type":"BreadcrumbList","@id":"https:\/\/www.kiekert.com\/en\/news\/kiekert-regional-concept-change-of-governance-for-americas-europe-china\/#breadcrumb","itemListElement":[{"@type":"ListItem","position":1,"name":"Startseite","item":"https:\/\/www.kiekert.com\/en\/"},{"@type":"ListItem","position":2,"name":"Kiekert Regional Concept Change of Governance for Americas, Europe, China"}]},{"@type":"WebSite","@id":"https:\/\/www.kiekert.com\/en\/#website","url":"https:\/\/www.kiekert.com\/en\/","name":"Kiekert AG","description":"Technology that leads","potentialAction":[{"@type":"SearchAction","target":{"@type":"EntryPoint","urlTemplate":"https:\/\/www.kiekert.com\/en\/?s={search_term_string}"},"query-input":{"@type":"PropertyValueSpecification","valueRequired":true,"valueName":"search_term_string"}}],"inLanguage":"en-US"},{"@type":"Person","@id":"https:\/\/www.kiekert.com\/en\/#\/schema\/person\/6ce1b53cb97a31c5de65008bf470e4dd","name":"Simone Fuchs"}]}},"_links":{"self":[{"href":"https:\/\/www.kiekert.com\/en\/wp-json\/wp\/v2\/posts\/6009","targetHints":{"allow":["GET"]}}],"collection":[{"href":"https:\/\/www.kiekert.com\/en\/wp-json\/wp\/v2\/posts"}],"about":[{"href":"https:\/\/www.kiekert.com\/en\/wp-json\/wp\/v2\/types\/post"}],"author":[{"embeddable":true,"href":"https:\/\/www.kiekert.com\/en\/wp-json\/wp\/v2\/users\/8"}],"replies":[{"embeddable":true,"href":"https:\/\/www.kiekert.com\/en\/wp-json\/wp\/v2\/comments?post=6009"}],"version-history":[{"count":10,"href":"https:\/\/www.kiekert.com\/en\/wp-json\/wp\/v2\/posts\/6009\/revisions"}],"predecessor-version":[{"id":6095,"href":"https:\/\/www.kiekert.com\/en\/wp-json\/wp\/v2\/posts\/6009\/revisions\/6095"}],"wp:featuredmedia":[{"embeddable":true,"href":"https:\/\/www.kiekert.com\/en\/wp-json\/wp\/v2\/media\/6220"}],"wp:attachment":[{"href":"https:\/\/www.kiekert.com\/en\/wp-json\/wp\/v2\/media?parent=6009"}],"wp:term":[{"taxonomy":"category","embeddable":true,"href":"https:\/\/www.kiekert.com\/en\/wp-json\/wp\/v2\/categories?post=6009"},{"taxonomy":"post_tag","embeddable":true,"href":"https:\/\/www.kiekert.com\/en\/wp-json\/wp\/v2\/tags?post=6009"}],"curies":[{"name":"wp","href":"https:\/\/api.w.org\/{rel}","templated":true}]}}