{"id":5921,"date":"2022-08-12T12:59:41","date_gmt":"2022-08-12T10:59:41","guid":{"rendered":"https:\/\/www.kiekert.com\/?p=5921"},"modified":"2022-08-12T12:59:41","modified_gmt":"2022-08-12T10:59:41","slug":"member-of-the-bundestag-mrs-kerstin-griese-visits-kiekert-in-heiligenhaus","status":"publish","type":"post","link":"https:\/\/www.kiekert.com\/en\/news\/member-of-the-bundestag-mrs-kerstin-griese-visits-kiekert-in-heiligenhaus\/","title":{"rendered":"Member of the Bundestag Mrs Kerstin Griese visits Kiekert in Heiligenhaus"},"content":{"rendered":"<p><div class=\"fusion-fullwidth fullwidth-box fusion-builder-row-1 fusion-flex-container fusion-parallax-none hundred-percent-fullwidth non-hundred-percent-height-scrolling opener header-light\" style=\"--awb-border-radius-top-left:0px;--awb-border-radius-top-right:0px;--awb-border-radius-bottom-right:0px;--awb-border-radius-bottom-left:0px;--awb-padding-top:0px;--awb-padding-right:0px;--awb-padding-bottom:0px;--awb-padding-left:0px;--awb-min-height:700px;--awb-background-color:#020202;--awb-background-image:url(&quot;https:\/\/www.kiekert.com\/wp-content\/uploads\/2022\/08\/Kerstin-Griese-zu-Gast-bei-Kiekert-in-Heiligenhaus-1.jpg&quot;);--awb-background-size:cover;--awb-flex-wrap:wrap;\" ><div class=\"fusion-builder-row fusion-row fusion-flex-align-items-center fusion-flex-align-content-space-evenly fusion-flex-justify-content-center fusion-flex-content-wrap\" style=\"width:102% !important;max-width:102% !important;margin-left: calc(-2% \/ 2 );margin-right: calc(-2% \/ 2 );\"><div class=\"fusion-layout-column fusion_builder_column fusion-builder-column-0 fusion-flex-column opener-content\" style=\"--awb-bg-size:cover;--awb-width-large:30%;--awb-margin-top-large:0px;--awb-spacing-right-large:3.2666666666667%;--awb-margin-bottom-large:0px;--awb-spacing-left-large:3.2666666666667%;--awb-width-medium:50%;--awb-order-medium:0;--awb-spacing-right-medium:1.96%;--awb-spacing-left-medium:1.96%;--awb-width-small:100%;--awb-order-small:0;--awb-spacing-right-small:0.98%;--awb-spacing-left-small:0.98%;\"><div class=\"fusion-column-wrapper fusion-column-has-shadow fusion-flex-justify-content-flex-start fusion-content-layout-column\"><div class=\"fusion-separator fusion-full-width-sep\" style=\"align-self: center;margin-left: auto;margin-right: auto;margin-bottom:30px;width:100%;\"><\/div><\/div><\/div><\/div><\/div><div class=\"fusion-fullwidth fullwidth-box fusion-builder-row-2 fusion-flex-container nonhundred-percent-fullwidth non-hundred-percent-height-scrolling\" style=\"--awb-border-radius-top-left:0px;--awb-border-radius-top-right:0px;--awb-border-radius-bottom-right:0px;--awb-border-radius-bottom-left:0px;--awb-padding-top:30px;--awb-padding-bottom:30px;--awb-flex-wrap:wrap;\" ><div class=\"fusion-builder-row fusion-row fusion-flex-align-items-flex-start fusion-flex-content-wrap\" style=\"max-width:1387.2px;margin-left: calc(-2% \/ 2 );margin-right: calc(-2% \/ 2 );\"><div class=\"fusion-layout-column fusion_builder_column fusion-builder-column-1 fusion_builder_column_1_1 1_1 fusion-flex-column\" style=\"--awb-bg-size:cover;--awb-width-large:100%;--awb-margin-top-large:0px;--awb-spacing-right-large:0.98%;--awb-margin-bottom-large:0px;--awb-spacing-left-large:0.98%;--awb-width-medium:100%;--awb-order-medium:0;--awb-spacing-right-medium:0.98%;--awb-spacing-left-medium:0.98%;--awb-width-small:100%;--awb-order-small:0;--awb-spacing-right-small:0.98%;--awb-spacing-left-small:0.98%;\"><div class=\"fusion-column-wrapper fusion-column-has-shadow fusion-flex-justify-content-flex-start fusion-content-layout-column\"><nav class=\"fusion-breadcrumbs awb-yoast-breadcrumbs fusion-breadcrumbs-1\" style=\"--awb-alignment:center;--awb-breadcrumb-sep:&#039;|&#039;;text-align:center;\" aria-label=\"Breadcrumb\"><ol class=\"awb-breadcrumb-list\"><li class=\"fusion-breadcrumb-item awb-breadcrumb-sep awb-home\" ><a href=\"https:\/\/www.kiekert.com\/en\/\" class=\"fusion-breadcrumb-link\"><span >Home<\/span><\/a><\/li><\/ol><\/nav><\/div><\/div><\/div><\/div><div class=\"fusion-fullwidth fullwidth-box fusion-builder-row-3 fusion-flex-container nonhundred-percent-fullwidth non-hundred-percent-height-scrolling\" style=\"--awb-border-radius-top-left:0px;--awb-border-radius-top-right:0px;--awb-border-radius-bottom-right:0px;--awb-border-radius-bottom-left:0px;--awb-padding-top:10px;--awb-flex-wrap:wrap;\" ><div class=\"fusion-builder-row fusion-row fusion-flex-align-items-flex-start fusion-flex-content-wrap\" style=\"max-width:1387.2px;margin-left: calc(-2% \/ 2 );margin-right: calc(-2% \/ 2 );\"><div class=\"fusion-layout-column fusion_builder_column fusion-builder-column-2 fusion_builder_column_1_1 1_1 fusion-flex-column\" style=\"--awb-bg-size:cover;--awb-width-large:100%;--awb-margin-top-large:0px;--awb-spacing-right-large:0.98%;--awb-margin-bottom-large:0px;--awb-spacing-left-large:0.98%;--awb-width-medium:100%;--awb-spacing-right-medium:0.98%;--awb-spacing-left-medium:0.98%;--awb-width-small:100%;--awb-spacing-right-small:0.98%;--awb-spacing-left-small:0.98%;\"><div class=\"fusion-column-wrapper fusion-flex-justify-content-flex-start fusion-content-layout-column\"><div class=\"fusion-title title fusion-title-1 fusion-sep-none fusion-title-center fusion-title-text fusion-title-size-one\" style=\"--awb-margin-bottom:30px;\"><h1 class=\"fusion-title-heading title-heading-center\" style=\"margin:0;\">Member of the Bundestag Mrs Kerstin Griese visits Kiekert in Heiligenhaus<\/h1><\/div><div class=\"fusion-text fusion-text-1\"><p>On August 5, 2022, Mrs Kerstin Griese, member of the Bundestag and Parliamentary State Secretary for Labor and Social Affairs, visited automotive supplier Kiekert at its headquarters in Heiligenhaus. The occasion was the SPD politician&#8217;s 18th summer tour, during which she discusses expectations and policy requests with companies and other local institutions.<\/p>\n<p>CEO Mr J\u00e9r\u00f4me Debreu, four members of the top management of the Group and Works Council Chairman Mr Uwe H\u00f6hndorf welcomed Mrs Griese to the headquarters\u2019 showroom. She was offered a tour of the site and was introduced to some key innovations of the technology leader in the field of intelligent safety closure systems.<\/p>\n<p>&#8220;We are very pleased to welcome Mrs Griese, because close dialogue with politicians is a critical priority for us, especially in a uniquely challenging international environment. Which will impact our industry up to at least 2026\/2027. Considerable change has occurred at Kiekert since Mrs Griese&#8217;s last visit and I took the opportunity to provide an insight into the major progress that has been made, the current challenges and the Group\u2019s growth strategy &#8211; especially for Heiligenhaus. The consequences of the current crisis are affecting us, but we have the right people, the right products and a clear plan that will lead us back to profitable growth. And Heiligenhaus will play a central role&#8221; says CEO Mr J\u00e9r\u00f4me Debreu.<\/p>\n<p>Kiekert has already decided to relocate production volumes to Heiligenhaus and is currently working on the implementation of this decision. &#8220;The complete delocalization of production abroad planned by the previous management was simply wrong. We recognized this with the works council as soon as I was appointed CEO on 5 July 2021, and stopped it immediately by the support of the IG Metall union,&#8221; explains Mr Debreu.<\/p>\n<p>In doing so, Mr Debreu refers to the 165-year history of Kiekert in Heiligenhaus and its deeply-rooted DNA as an innovative engineering and family-spirited company, &#8220;We shall remain here for at least the next century. We enjoy over 7,000 years of accumulated know-how in the minds of our production employees and the continued presence of the best engineers. This is the basis for the plan of doubling our business volume by 2030.&#8221;<\/p>\n<p>In the course of its growth, Kiekert would like to offer career prospects to young people in particular. Thus, we shall create a total of 150 new jobs by 2024, and the company is currently looking for 20 engineers and 20 trainees. &#8220;Anyone who is talented and wants to be a part of our industrial leadership success story, please apply immediately,&#8221; states the 47-year-old CEO.<\/p>\n<p>Mrs Kerstin Griese is fully aware of the difficult circumstances faced by automotive suppliers and was kind to express enthusiasm about the developments witnessed at Kiekert in Heiligenhaus: &#8220;I am very grateful for the exclusive insights which were shared into what makes Kiekert perform and breathe efficiency. I was impressed to hear what Mr. Debreu, his management team and all the employees at Kiekert are achieving in the current tense situation. The passion for respecting the traditions of the company and the ambition for success based on innovation and sound managerial methods both came across in every word. I also find the open and trusting cooperation with the works council remarkable. I am pleased that Heiligenhaus, as a production and development location, does and will play a central strategic role in Kiekert\u2019s growth plans. That is why I am happy to support the preservation and creation of jobs.&#8221;<\/p>\n<\/div><div ><a class=\"fusion-button button-flat fusion-button-default-size button-default fusion-button-default button-1 fusion-button-default-span fusion-button-default-type no-button\" target=\"_self\" href=\"https:\/\/www.kiekert.com\/wp-content\/uploads\/2022\/08\/2022-Fotograf_Heiligenhaus_Petra-Mittelstaedt-Fotografie-0104_bearb-MB-scaled.jpg\"><span class=\"fusion-button-text awb-button__text awb-button__text--default\">Download Press Picture<\/span><i class=\"fa-file-download fas awb-button__icon awb-button__icon--default button-icon-right\" aria-hidden=\"true\"><\/i><\/a><\/div><\/div><\/div><\/div><\/div><div class=\"fusion-fullwidth fullwidth-box fusion-builder-row-4 fusion-flex-container nonhundred-percent-fullwidth non-hundred-percent-height-scrolling\" style=\"--awb-border-radius-top-left:0px;--awb-border-radius-top-right:0px;--awb-border-radius-bottom-right:0px;--awb-border-radius-bottom-left:0px;--awb-padding-top:10px;--awb-flex-wrap:wrap;\" ><div class=\"fusion-builder-row fusion-row fusion-flex-align-items-flex-start fusion-flex-content-wrap\" style=\"max-width:1387.2px;margin-left: calc(-2% \/ 2 );margin-right: calc(-2% \/ 2 );\"><div class=\"fusion-layout-column fusion_builder_column fusion-builder-column-3 fusion_builder_column_1_3 1_3 fusion-flex-column\" style=\"--awb-bg-size:cover;--awb-width-large:33.333333333333%;--awb-margin-top-large:0px;--awb-spacing-right-large:5.88%;--awb-margin-bottom-large:0px;--awb-spacing-left-large:2.94%;--awb-width-medium:33.333333333333%;--awb-spacing-right-medium:5.88%;--awb-spacing-left-medium:2.94%;--awb-width-small:100%;--awb-spacing-right-small:0.98%;--awb-spacing-left-small:0.98%;\"><div class=\"fusion-column-wrapper fusion-flex-justify-content-flex-start fusion-content-layout-column\"><div style=\"text-align:center;\"><a class=\"fusion-button button-flat fusion-button-default-size button-default fusion-button-default button-2 fusion-button-default-span fusion-button-default-type invert\" target=\"_self\" href=\"https:\/\/www.kiekert.com\/unternehmen\/newsroom\/\"><span class=\"fusion-button-text awb-button__text awb-button__text--default\">Back to Overview<\/span><\/a><\/div><\/div><\/div><div class=\"fusion-layout-column fusion_builder_column fusion-builder-column-4 fusion_builder_column_1_3 1_3 fusion-flex-column\" style=\"--awb-bg-size:cover;--awb-width-large:33.333333333333%;--awb-margin-top-large:0px;--awb-spacing-right-large:5.88%;--awb-margin-bottom-large:0px;--awb-spacing-left-large:5.88%;--awb-width-medium:33.333333333333%;--awb-spacing-right-medium:5.88%;--awb-spacing-left-medium:5.88%;--awb-width-small:100%;--awb-spacing-right-small:0.98%;--awb-spacing-left-small:0.98%;\"><div class=\"fusion-column-wrapper fusion-flex-justify-content-flex-start fusion-content-layout-column\"><\/div><\/div><div class=\"fusion-layout-column fusion_builder_column fusion-builder-column-5 fusion_builder_column_1_3 1_3 fusion-flex-column\" style=\"--awb-bg-size:cover;--awb-width-large:33.333333333333%;--awb-margin-top-large:0px;--awb-spacing-right-large:2.94%;--awb-margin-bottom-large:0px;--awb-spacing-left-large:2.94%;--awb-width-medium:33.333333333333%;--awb-order-medium:0;--awb-spacing-right-medium:2.94%;--awb-spacing-left-medium:2.94%;--awb-width-small:100%;--awb-order-small:0;--awb-spacing-right-small:0.98%;--awb-spacing-left-small:0.98%;\"><div class=\"fusion-column-wrapper fusion-column-has-shadow fusion-flex-justify-content-flex-start fusion-content-layout-row\"><div class=\"fusion-title title fusion-title-2 fusion-sep-none fusion-title-text fusion-title-size-two\"><h2 class=\"fusion-title-heading title-heading-left\" style=\"margin:0;\">Press Contact<\/h2><\/div><div class=\"fusion-text fusion-text-2\" style=\"--awb-content-alignment:center;\"><p style=\"text-align: left;\">Ronald Jesorsky<br \/>\nGlobal Head of Marketing &amp; Communications<br \/>\nKiekert AG<br \/>\nH\u00f6seler Platz 2<br \/>\n42579 Heiligenhaus<br \/>\nDeutschland<\/p>\n<p style=\"text-align: left;\">Tel :\u00a0\u00a0+49 2056 15 701<br \/>\nFax : +49 2056 15 &#8211; 6719<br \/>\nE-Mail :\u00a0<a href=\"mailto:ronald.jesorsky@kiekert.com\">ronald.jesorsky@kiekert.com<\/a><br \/>\n<a href=\"http:\/\/www.kiekert.com\" target=\"_blank\" rel=\"noopener\">www.kiekert.com<\/a><\/p>\n<\/div><\/div><\/div><\/div><\/div><\/p>\n","protected":false},"excerpt":{"rendered":"","protected":false},"author":8,"featured_media":5920,"comment_status":"closed","ping_status":"open","sticky":false,"template":"","format":"standard","meta":{"_acf_changed":false,"footnotes":""},"categories":[14],"tags":[],"class_list":["post-5921","post","type-post","status-publish","format-standard","has-post-thumbnail","hentry","category-uncategorized"],"acf":[],"yoast_head":"<!-- This site is optimized with the Yoast SEO plugin v27.1.1 - https:\/\/yoast.com\/product\/yoast-seo-wordpress\/ -->\n<title>Member of the Bundestag Mrs Kerstin Griese visits Kiekert in Heiligenhaus &#8212; Kiekert AG<\/title>\n<meta name=\"robots\" content=\"index, follow, max-snippet:-1, max-image-preview:large, max-video-preview:-1\" \/>\n<link rel=\"canonical\" href=\"https:\/\/www.kiekert.com\/en\/news\/member-of-the-bundestag-mrs-kerstin-griese-visits-kiekert-in-heiligenhaus\/\" \/>\n<meta property=\"og:locale\" content=\"en_US\" \/>\n<meta property=\"og:type\" content=\"article\" \/>\n<meta property=\"og:title\" content=\"Member of the Bundestag Mrs Kerstin Griese visits Kiekert in Heiligenhaus &#8212; Kiekert AG\" \/>\n<meta property=\"og:url\" content=\"https:\/\/www.kiekert.com\/en\/news\/member-of-the-bundestag-mrs-kerstin-griese-visits-kiekert-in-heiligenhaus\/\" \/>\n<meta property=\"og:site_name\" content=\"Kiekert AG\" \/>\n<meta property=\"article:published_time\" content=\"2022-08-12T10:59:41+00:00\" \/>\n<meta property=\"og:image\" content=\"https:\/\/www.kiekert.com\/wp-content\/uploads\/2022\/08\/Beitragsbild-Kerstin-Griese-zu-Gast-bei-Kiekert-in-Heiligenhaus.jpg\" \/>\n\t<meta property=\"og:image:width\" content=\"1599\" \/>\n\t<meta property=\"og:image:height\" content=\"901\" \/>\n\t<meta property=\"og:image:type\" content=\"image\/jpeg\" \/>\n<meta name=\"author\" content=\"Simone Fuchs\" \/>\n<meta name=\"twitter:card\" content=\"summary_large_image\" \/>\n<meta name=\"twitter:label1\" content=\"Written by\" \/>\n\t<meta name=\"twitter:data1\" content=\"Simone Fuchs\" \/>\n\t<meta name=\"twitter:label2\" content=\"Est. reading time\" \/>\n\t<meta name=\"twitter:data2\" content=\"10 minutes\" \/>\n<script type=\"application\/ld+json\" class=\"yoast-schema-graph\">{\"@context\":\"https:\/\/schema.org\",\"@graph\":[{\"@type\":\"Article\",\"@id\":\"https:\/\/www.kiekert.com\/en\/news\/member-of-the-bundestag-mrs-kerstin-griese-visits-kiekert-in-heiligenhaus\/#article\",\"isPartOf\":{\"@id\":\"https:\/\/www.kiekert.com\/en\/news\/member-of-the-bundestag-mrs-kerstin-griese-visits-kiekert-in-heiligenhaus\/\"},\"author\":{\"name\":\"Simone Fuchs\",\"@id\":\"https:\/\/www.kiekert.com\/en\/#\/schema\/person\/6ce1b53cb97a31c5de65008bf470e4dd\"},\"headline\":\"Member of the Bundestag Mrs Kerstin Griese visits Kiekert in Heiligenhaus\",\"datePublished\":\"2022-08-12T10:59:41+00:00\",\"mainEntityOfPage\":{\"@id\":\"https:\/\/www.kiekert.com\/en\/news\/member-of-the-bundestag-mrs-kerstin-griese-visits-kiekert-in-heiligenhaus\/\"},\"wordCount\":3888,\"image\":{\"@id\":\"https:\/\/www.kiekert.com\/en\/news\/member-of-the-bundestag-mrs-kerstin-griese-visits-kiekert-in-heiligenhaus\/#primaryimage\"},\"thumbnailUrl\":\"https:\/\/www.kiekert.com\/wp-content\/uploads\/2022\/08\/Beitragsbild-Kerstin-Griese-zu-Gast-bei-Kiekert-in-Heiligenhaus.jpg\",\"inLanguage\":\"en-US\"},{\"@type\":\"WebPage\",\"@id\":\"https:\/\/www.kiekert.com\/en\/news\/member-of-the-bundestag-mrs-kerstin-griese-visits-kiekert-in-heiligenhaus\/\",\"url\":\"https:\/\/www.kiekert.com\/en\/news\/member-of-the-bundestag-mrs-kerstin-griese-visits-kiekert-in-heiligenhaus\/\",\"name\":\"Member of the Bundestag Mrs Kerstin Griese visits Kiekert in Heiligenhaus &#8212; Kiekert AG\",\"isPartOf\":{\"@id\":\"https:\/\/www.kiekert.com\/en\/#website\"},\"primaryImageOfPage\":{\"@id\":\"https:\/\/www.kiekert.com\/en\/news\/member-of-the-bundestag-mrs-kerstin-griese-visits-kiekert-in-heiligenhaus\/#primaryimage\"},\"image\":{\"@id\":\"https:\/\/www.kiekert.com\/en\/news\/member-of-the-bundestag-mrs-kerstin-griese-visits-kiekert-in-heiligenhaus\/#primaryimage\"},\"thumbnailUrl\":\"https:\/\/www.kiekert.com\/wp-content\/uploads\/2022\/08\/Beitragsbild-Kerstin-Griese-zu-Gast-bei-Kiekert-in-Heiligenhaus.jpg\",\"datePublished\":\"2022-08-12T10:59:41+00:00\",\"author\":{\"@id\":\"https:\/\/www.kiekert.com\/en\/#\/schema\/person\/6ce1b53cb97a31c5de65008bf470e4dd\"},\"breadcrumb\":{\"@id\":\"https:\/\/www.kiekert.com\/en\/news\/member-of-the-bundestag-mrs-kerstin-griese-visits-kiekert-in-heiligenhaus\/#breadcrumb\"},\"inLanguage\":\"en-US\",\"potentialAction\":[{\"@type\":\"ReadAction\",\"target\":[\"https:\/\/www.kiekert.com\/en\/news\/member-of-the-bundestag-mrs-kerstin-griese-visits-kiekert-in-heiligenhaus\/\"]}]},{\"@type\":\"ImageObject\",\"inLanguage\":\"en-US\",\"@id\":\"https:\/\/www.kiekert.com\/en\/news\/member-of-the-bundestag-mrs-kerstin-griese-visits-kiekert-in-heiligenhaus\/#primaryimage\",\"url\":\"https:\/\/www.kiekert.com\/wp-content\/uploads\/2022\/08\/Beitragsbild-Kerstin-Griese-zu-Gast-bei-Kiekert-in-Heiligenhaus.jpg\",\"contentUrl\":\"https:\/\/www.kiekert.com\/wp-content\/uploads\/2022\/08\/Beitragsbild-Kerstin-Griese-zu-Gast-bei-Kiekert-in-Heiligenhaus.jpg\",\"width\":1599,\"height\":901,\"caption\":\"Beitragsbild Kerstin Griese zu Gast bei Kiekert in Heiligenhaus\"},{\"@type\":\"BreadcrumbList\",\"@id\":\"https:\/\/www.kiekert.com\/en\/news\/member-of-the-bundestag-mrs-kerstin-griese-visits-kiekert-in-heiligenhaus\/#breadcrumb\",\"itemListElement\":[{\"@type\":\"ListItem\",\"position\":1,\"name\":\"Startseite\",\"item\":\"https:\/\/www.kiekert.com\/en\/\"},{\"@type\":\"ListItem\",\"position\":2,\"name\":\"Member of the Bundestag Mrs Kerstin Griese visits Kiekert in Heiligenhaus\"}]},{\"@type\":\"WebSite\",\"@id\":\"https:\/\/www.kiekert.com\/en\/#website\",\"url\":\"https:\/\/www.kiekert.com\/en\/\",\"name\":\"Kiekert AG\",\"description\":\"Technology that leads\",\"potentialAction\":[{\"@type\":\"SearchAction\",\"target\":{\"@type\":\"EntryPoint\",\"urlTemplate\":\"https:\/\/www.kiekert.com\/en\/?s={search_term_string}\"},\"query-input\":{\"@type\":\"PropertyValueSpecification\",\"valueRequired\":true,\"valueName\":\"search_term_string\"}}],\"inLanguage\":\"en-US\"},{\"@type\":\"Person\",\"@id\":\"https:\/\/www.kiekert.com\/en\/#\/schema\/person\/6ce1b53cb97a31c5de65008bf470e4dd\",\"name\":\"Simone Fuchs\"}]}<\/script>\n<!-- \/ Yoast SEO plugin. -->","yoast_head_json":{"title":"Member of the Bundestag Mrs Kerstin Griese visits Kiekert in Heiligenhaus &#8212; Kiekert AG","robots":{"index":"index","follow":"follow","max-snippet":"max-snippet:-1","max-image-preview":"max-image-preview:large","max-video-preview":"max-video-preview:-1"},"canonical":"https:\/\/www.kiekert.com\/en\/news\/member-of-the-bundestag-mrs-kerstin-griese-visits-kiekert-in-heiligenhaus\/","og_locale":"en_US","og_type":"article","og_title":"Member of the Bundestag Mrs Kerstin Griese visits Kiekert in Heiligenhaus &#8212; Kiekert AG","og_url":"https:\/\/www.kiekert.com\/en\/news\/member-of-the-bundestag-mrs-kerstin-griese-visits-kiekert-in-heiligenhaus\/","og_site_name":"Kiekert AG","article_published_time":"2022-08-12T10:59:41+00:00","og_image":[{"width":1599,"height":901,"url":"https:\/\/www.kiekert.com\/wp-content\/uploads\/2022\/08\/Beitragsbild-Kerstin-Griese-zu-Gast-bei-Kiekert-in-Heiligenhaus.jpg","type":"image\/jpeg"}],"author":"Simone Fuchs","twitter_card":"summary_large_image","twitter_misc":{"Written by":"Simone Fuchs","Est. reading time":"10 minutes"},"schema":{"@context":"https:\/\/schema.org","@graph":[{"@type":"Article","@id":"https:\/\/www.kiekert.com\/en\/news\/member-of-the-bundestag-mrs-kerstin-griese-visits-kiekert-in-heiligenhaus\/#article","isPartOf":{"@id":"https:\/\/www.kiekert.com\/en\/news\/member-of-the-bundestag-mrs-kerstin-griese-visits-kiekert-in-heiligenhaus\/"},"author":{"name":"Simone Fuchs","@id":"https:\/\/www.kiekert.com\/en\/#\/schema\/person\/6ce1b53cb97a31c5de65008bf470e4dd"},"headline":"Member of the Bundestag Mrs Kerstin Griese visits Kiekert in Heiligenhaus","datePublished":"2022-08-12T10:59:41+00:00","mainEntityOfPage":{"@id":"https:\/\/www.kiekert.com\/en\/news\/member-of-the-bundestag-mrs-kerstin-griese-visits-kiekert-in-heiligenhaus\/"},"wordCount":3888,"image":{"@id":"https:\/\/www.kiekert.com\/en\/news\/member-of-the-bundestag-mrs-kerstin-griese-visits-kiekert-in-heiligenhaus\/#primaryimage"},"thumbnailUrl":"https:\/\/www.kiekert.com\/wp-content\/uploads\/2022\/08\/Beitragsbild-Kerstin-Griese-zu-Gast-bei-Kiekert-in-Heiligenhaus.jpg","inLanguage":"en-US"},{"@type":"WebPage","@id":"https:\/\/www.kiekert.com\/en\/news\/member-of-the-bundestag-mrs-kerstin-griese-visits-kiekert-in-heiligenhaus\/","url":"https:\/\/www.kiekert.com\/en\/news\/member-of-the-bundestag-mrs-kerstin-griese-visits-kiekert-in-heiligenhaus\/","name":"Member of the Bundestag Mrs Kerstin Griese visits Kiekert in Heiligenhaus &#8212; Kiekert AG","isPartOf":{"@id":"https:\/\/www.kiekert.com\/en\/#website"},"primaryImageOfPage":{"@id":"https:\/\/www.kiekert.com\/en\/news\/member-of-the-bundestag-mrs-kerstin-griese-visits-kiekert-in-heiligenhaus\/#primaryimage"},"image":{"@id":"https:\/\/www.kiekert.com\/en\/news\/member-of-the-bundestag-mrs-kerstin-griese-visits-kiekert-in-heiligenhaus\/#primaryimage"},"thumbnailUrl":"https:\/\/www.kiekert.com\/wp-content\/uploads\/2022\/08\/Beitragsbild-Kerstin-Griese-zu-Gast-bei-Kiekert-in-Heiligenhaus.jpg","datePublished":"2022-08-12T10:59:41+00:00","author":{"@id":"https:\/\/www.kiekert.com\/en\/#\/schema\/person\/6ce1b53cb97a31c5de65008bf470e4dd"},"breadcrumb":{"@id":"https:\/\/www.kiekert.com\/en\/news\/member-of-the-bundestag-mrs-kerstin-griese-visits-kiekert-in-heiligenhaus\/#breadcrumb"},"inLanguage":"en-US","potentialAction":[{"@type":"ReadAction","target":["https:\/\/www.kiekert.com\/en\/news\/member-of-the-bundestag-mrs-kerstin-griese-visits-kiekert-in-heiligenhaus\/"]}]},{"@type":"ImageObject","inLanguage":"en-US","@id":"https:\/\/www.kiekert.com\/en\/news\/member-of-the-bundestag-mrs-kerstin-griese-visits-kiekert-in-heiligenhaus\/#primaryimage","url":"https:\/\/www.kiekert.com\/wp-content\/uploads\/2022\/08\/Beitragsbild-Kerstin-Griese-zu-Gast-bei-Kiekert-in-Heiligenhaus.jpg","contentUrl":"https:\/\/www.kiekert.com\/wp-content\/uploads\/2022\/08\/Beitragsbild-Kerstin-Griese-zu-Gast-bei-Kiekert-in-Heiligenhaus.jpg","width":1599,"height":901,"caption":"Beitragsbild Kerstin Griese zu Gast bei Kiekert in Heiligenhaus"},{"@type":"BreadcrumbList","@id":"https:\/\/www.kiekert.com\/en\/news\/member-of-the-bundestag-mrs-kerstin-griese-visits-kiekert-in-heiligenhaus\/#breadcrumb","itemListElement":[{"@type":"ListItem","position":1,"name":"Startseite","item":"https:\/\/www.kiekert.com\/en\/"},{"@type":"ListItem","position":2,"name":"Member of the Bundestag Mrs Kerstin Griese visits Kiekert in Heiligenhaus"}]},{"@type":"WebSite","@id":"https:\/\/www.kiekert.com\/en\/#website","url":"https:\/\/www.kiekert.com\/en\/","name":"Kiekert AG","description":"Technology that leads","potentialAction":[{"@type":"SearchAction","target":{"@type":"EntryPoint","urlTemplate":"https:\/\/www.kiekert.com\/en\/?s={search_term_string}"},"query-input":{"@type":"PropertyValueSpecification","valueRequired":true,"valueName":"search_term_string"}}],"inLanguage":"en-US"},{"@type":"Person","@id":"https:\/\/www.kiekert.com\/en\/#\/schema\/person\/6ce1b53cb97a31c5de65008bf470e4dd","name":"Simone Fuchs"}]}},"_links":{"self":[{"href":"https:\/\/www.kiekert.com\/en\/wp-json\/wp\/v2\/posts\/5921","targetHints":{"allow":["GET"]}}],"collection":[{"href":"https:\/\/www.kiekert.com\/en\/wp-json\/wp\/v2\/posts"}],"about":[{"href":"https:\/\/www.kiekert.com\/en\/wp-json\/wp\/v2\/types\/post"}],"author":[{"embeddable":true,"href":"https:\/\/www.kiekert.com\/en\/wp-json\/wp\/v2\/users\/8"}],"replies":[{"embeddable":true,"href":"https:\/\/www.kiekert.com\/en\/wp-json\/wp\/v2\/comments?post=5921"}],"version-history":[{"count":2,"href":"https:\/\/www.kiekert.com\/en\/wp-json\/wp\/v2\/posts\/5921\/revisions"}],"predecessor-version":[{"id":5923,"href":"https:\/\/www.kiekert.com\/en\/wp-json\/wp\/v2\/posts\/5921\/revisions\/5923"}],"wp:featuredmedia":[{"embeddable":true,"href":"https:\/\/www.kiekert.com\/en\/wp-json\/wp\/v2\/media\/5920"}],"wp:attachment":[{"href":"https:\/\/www.kiekert.com\/en\/wp-json\/wp\/v2\/media?parent=5921"}],"wp:term":[{"taxonomy":"category","embeddable":true,"href":"https:\/\/www.kiekert.com\/en\/wp-json\/wp\/v2\/categories?post=5921"},{"taxonomy":"post_tag","embeddable":true,"href":"https:\/\/www.kiekert.com\/en\/wp-json\/wp\/v2\/tags?post=5921"}],"curies":[{"name":"wp","href":"https:\/\/api.w.org\/{rel}","templated":true}]}}